{"id":1421,"date":"2016-11-04T10:14:31","date_gmt":"2016-11-04T09:14:31","guid":{"rendered":"http:\/\/www.traghetti.com\/blog\/?p=1421"},"modified":"2025-05-20T17:06:15","modified_gmt":"2025-05-20T15:06:15","slug":"5-motivi-per-visitare-la-sicilia","status":"publish","type":"post","link":"https:\/\/www.traghetti.com\/blog\/5-motivi-per-visitare-la-sicilia\/","title":{"rendered":"5 motivi per visitare la Sicilia"},"content":{"rendered":"<h2><strong>5 motivi per visitare la Sicilia a novembre e dicembre<\/strong><\/h2>\n<p>Vi presentiamo 5 eventi culturali che si svolgeranno in Sicilia nei mesi di novembre e dicembre. Alcuni eventi si estenderanno fino a Marzo 2017 e vi aiuteranno a scoprire anche i segreti dell&#8217;arte moderna che la Sicilia ospita in questo periodo.<\/p>\n<h3><strong>Museo della Follia \u2013 mostra a cura di Vittorio Sgarbi<\/strong><\/h3>\n<p><strong>1 novembre 2016\u00a0&#8211;\u00a012 febbraio 2017<\/strong><\/p>\n<p><em>Catania,\u00a0Castello Ursino<\/em><\/p>\n<p>Orari di apertura<\/p>\n<p>Da Luned\u00ec a Venerd\u00ec 9:00 &#8211; 19:00\u00a0Sabato e Domenica 9:00 &#8211; 20:30<br \/>\n(la biglietteria chiude un\u2019ora prima)<\/p>\n<figure id=\"attachment_1419\" aria-describedby=\"caption-attachment-1419\" style=\"width: 234px\" class=\"wp-caption alignright\"><a href=\"https:\/\/www.traghetti.com\/blog\/wp-content\/uploads\/2016\/11\/museo-della-follia.jpg\"><img loading=\"lazy\" decoding=\"async\" class=\"wp-image-1419 size-medium\" title=\"museo della follia\" src=\"https:\/\/www.traghetti.com\/blog\/wp-content\/uploads\/2016\/11\/museo-della-follia-234x300.jpg\" alt=\"museo della follia\" width=\"234\" height=\"300\" srcset=\"https:\/\/www.traghetti.com\/blog\/wp-content\/uploads\/2016\/11\/museo-della-follia-234x300.jpg 234w, https:\/\/www.traghetti.com\/blog\/wp-content\/uploads\/2016\/11\/museo-della-follia.jpg 631w\" sizes=\"auto, (max-width: 234px) 100vw, 234px\" \/><\/a><figcaption id=\"caption-attachment-1419\" class=\"wp-caption-text\">museo della follia<\/figcaption><\/figure>\n<p>In mostra anche documenti: la storia della legge 180, una sorta di Wunderkammer dell&#8217;alienazione\u00a0 che espone camicie di forza, apparecchi per l&#8217;elettroshock, medicine, apribocca, ritratti di pazienti psichiatrici, l&#8217;inchiesta del Senato sugli ospedali psichiatrici giudiziari e documenti Rai.<\/p>\n<p>Il Museo nato da un&#8217;idea di <strong>Vittorio Sgarbi<\/strong>, \u00e8 realizzato da Giovani Lettini, Sara Pallavicini, Stefano Morelli e Cesare Inzerillo. L&#8217;esposizione \u00e8 una coproduzione Comune di Catania, Centro Studi\u00a0 &amp; Archivio Ligabue di Parma, Fenice &#8211; Company Ideas e vede il patrocinio del Maibact (Ministero dei Beni e delle Attivit\u00e0 Culturali e del Turismo).<\/p>\n<p>Vittorio Sgarbi: &#8220;&#8230; Un repertorio, senza proclami , senza manifesti, senza denunce. Uomini e donne come noi, sfortunati, umiliati, isolati. E ancora vivi nella incredula disperazione dei loro sguardi. Condannati senza colpa, incriminati senza reati per il solo destino di essere diversi , cio\u00e8 individui. Inzerillo d\u00e0 traccia, evoca inevitabilmente Sigmund Freud e Michel Foucault, e apre la strada a un inedito riconoscimento, a una poesia della follia che muove\u00a0 i giovani in questa impresa. Sara Pallavicini, Giovanni Lettini e Stefano Morelli.\u00a0 Determinati, liberi, folli. Ed ecco il loro museo. [&#8230;] Nella storia dell&#8217;arte, anche prima dei casi clamorosi di <strong>Van Gogh<\/strong> e di <strong>Ligabue<\/strong>, molti sono gli artisti la cui mente \u00e8 attraversata dal turbamento, che si esprimono in una lingua visionaria e allucinata. Ognuno di loro ha una storia, una dimensione che non si misura con la realt\u00e0 ma con il sogno. E quel sogno, con piena soddisfazione, oltre ogni tormento, rappresenta&#8221;.<\/p>\n<p>Il costo del biglietto d&#8217;ingresso \u00e8 di 10,00 euro mentre i ridotti per gruppi di 10 persone, over 65, ragazzi 11-18 anni e \u00a0giornalisti con tessera \u00e8 di euro 7,00. Il costo \u00e8 di 6,00 euro per bambini dai 6 ai 10 anni e per universitari.\u00a0 Per i possessori della Catania Card il costo scende a 5.00 euro. Per le scuole il biglietto \u00e8 ridotto a 4,00 euro. I bambini sotto i 4 anni entrano gratuitamente. Possibilit\u00e0 di prenotare via e-mail scrivendo a guidect.eventi@gmail.com<\/p>\n<h3><strong>Steve McCurry Icons<\/strong><\/h3>\n<p><strong>1 novembre 2016\u00a0&#8211;\u00a019 febbraio 2017<\/strong><\/p>\n<p><em>GAM Galleria d\u2019Arte Moderna,<br \/>\n<\/em><em>Palermo &#8211; Via S Anna 21\u00a0<\/em><\/p>\n<p>Orari di apertura<br \/>\nDal marted\u00ec alla domenica ore 9.30 \u2013 18.30. Luned\u00ec chiuso.<br \/>\nLa biglietteria chiude alle ore 17.30<\/p>\n<figure id=\"attachment_1417\" aria-describedby=\"caption-attachment-1417\" style=\"width: 300px\" class=\"wp-caption alignright\"><a href=\"https:\/\/www.traghetti.com\/blog\/wp-content\/uploads\/2016\/11\/steveMccurry.jpg\"><img loading=\"lazy\" decoding=\"async\" class=\"wp-image-1417 size-medium\" title=\"Steve Mccurry\" src=\"https:\/\/www.traghetti.com\/blog\/wp-content\/uploads\/2016\/11\/steveMccurry-300x300.jpg\" alt=\"Steve Mccurry\" width=\"300\" height=\"300\" srcset=\"https:\/\/www.traghetti.com\/blog\/wp-content\/uploads\/2016\/11\/steveMccurry-300x300.jpg 300w, https:\/\/www.traghetti.com\/blog\/wp-content\/uploads\/2016\/11\/steveMccurry-150x150.jpg 150w, https:\/\/www.traghetti.com\/blog\/wp-content\/uploads\/2016\/11\/steveMccurry-320x320.jpg 320w, https:\/\/www.traghetti.com\/blog\/wp-content\/uploads\/2016\/11\/steveMccurry.jpg 480w\" sizes=\"auto, (max-width: 300px) 100vw, 300px\" \/><\/a><figcaption id=\"caption-attachment-1417\" class=\"wp-caption-text\">Steve Mccurry<\/figcaption><\/figure>\n<p>Una mostra che raccoglie oltre cento scatti, il meglio della produzione di Steve McCurry, per portare i visitatori in un viaggio simbolico nelle esperienze ed emozioni\u00a0 che caratterizzano le sue immagini<\/p>\n<p><strong>Steve McCurry<\/strong> \u00e8 uno dei pi\u00f9 grandi maestri della fotografia contemporanea ed \u00e8 un punto di riferimento per un larghissimo pubblico che nelle sue fotografie riconosce un modo di guardare il nostro tempo. Alcune mostre di grande successo hanno messo in evidenza vari aspetti della sua attivit\u00e0, ormai quasi quarantennale. <strong>Steve McCurry Icons<\/strong> si inserisce nel programma espositivo dalla Galleria d\u2019Arte Moderna di Palermo ed \u00e8 organizzata da Civita in collaborazione con SudEst57. Raccoglie in oltre 100 scatti l\u2019insieme e forse il meglio della sua vasta produzione, per proporre ai visitatori un viaggio simbolico nel complesso universo di esperienze e di emozioni che caratterizza le sue immagini. A partire dai suoi viaggi in India e poi in Afghanistan, da dove veniva Sharbat Gula, la ragazza che ha fotografato nel campo profughi di Peshawar in Pakistan e che \u00e8 diventata una icona assoluta della fotografia mondiale. Con le sue foto Steve McCurry ci pone a contatto con le etnie pi\u00f9 lontane e con le condizioni sociali pi\u00f9 disparate, mettendo in evidenza una condizione umana fatta di sentimenti universali e di sguardi la cui fierezza afferma la medesima dignit\u00e0. Con le sue foto ci consente di attraversare le frontiere e di conoscere da vicino un mondo che \u00e8 destinato a grandi cambiamenti. La mostra inizia infatti con una straordinaria serie di ritratti e si sviluppa tra immagini di guerra e di poesia, di sofferenza e di gioia, di stupore e di ironia. In una audio guida Steve McCurry racconta in prima persona molte delle foto esposte. In mostra viene proiettato un video di National Geographic dedicato alla lunga ricerca che ha consentito di ritrovare, 17 anni dopo, \u201cla ragazza afghana\u201d ormai adulta. Steve McCurry \/ Icons \u00e8 infine il titolo di una pubblicazione curata da Biba Giacchetti, che costituisce il catalogo della mostra.<\/p>\n<p>La mostra \u00e8 accessibile con un biglietto dedicato o con un biglietto cumulativo che comprende la visita della Galleria d\u2019Arte Moderna Intero \u20ac 9,00 Ridotto \u20ac 7,00 per gruppi (minimo 15 persone), visitatori tra i 19 e i 25 anni, maggiori di 65 anni, titolari di apposite convenzioni Gratuito per visitatori fino ai 18 anni, scolaresche, insegnanti, visitatori diversamente abili con accompagnatore, studenti dell\u2019Accademia Belle Arti di Palermo, giornalisti (iscritti all\u2019Albo o accreditati), soci ICOM, guide turistiche. Cumulativo Mostra + Museo \u20ac 12,00 Noleggio audio guida disponibile in italiano e inglese \u20ac 4,00<\/p>\n<h3><strong>Cuba. Tatuare la Storia<\/strong><\/h3>\n<p><strong>1 novembre\u00a0<\/strong><strong>&#8211;<\/strong><strong>\u00a018 dicembre<\/strong><\/p>\n<p>ZAC Cantieri Culturali Zisa<br \/>\n<em>Palermo<\/em><\/p>\n<p>Orari di apertura<br \/>\nMarted\u00ec \u2013 domenica dalle 9.30 alle 18.30 &#8211; luned\u00ec chiuso<br \/>\nIngresso gratuito<\/p>\n<figure id=\"attachment_1415\" aria-describedby=\"caption-attachment-1415\" style=\"width: 300px\" class=\"wp-caption alignright\"><a href=\"https:\/\/www.traghetti.com\/blog\/wp-content\/uploads\/2016\/11\/Cuba-tatuare-la-storia.jpeg\"><img loading=\"lazy\" decoding=\"async\" class=\"wp-image-1415 size-medium\" title=\"Cuba tatuare la storia\" src=\"https:\/\/www.traghetti.com\/blog\/wp-content\/uploads\/2016\/11\/Cuba-tatuare-la-storia-300x169.jpeg\" alt=\"Cuba tatuare la storia\" width=\"300\" height=\"169\" srcset=\"https:\/\/www.traghetti.com\/blog\/wp-content\/uploads\/2016\/11\/Cuba-tatuare-la-storia-300x169.jpeg 300w, https:\/\/www.traghetti.com\/blog\/wp-content\/uploads\/2016\/11\/Cuba-tatuare-la-storia.jpeg 600w\" sizes=\"auto, (max-width: 300px) 100vw, 300px\" \/><\/a><figcaption id=\"caption-attachment-1415\" class=\"wp-caption-text\">Cuba tatuare la storia<\/figcaption><\/figure>\n<p><strong>&#8220;Cuba. Tatuare la storia&#8221;, la mostra ai Cantieri Culturali, fino al 18 dicembre 2016<\/strong><br \/>\n\u201eTatuare la storia che \u00e8 possibile visitare negli spazi espositivi di ZAC Zisa Arti Contemporanee dei Cantieri Culturali alla Zisa di Palermo, promossa dall&#8217;Assessorato alla Cultura del Comune di Palermo in coproduzione con il PAC Padiglione d\u2019Arte Contemporanea di Milano. organizzazione e coordinamento progettuale di ruber.contemporanea\u201c<\/p>\n<p>Saranno esposte opere di 31 artisti cubani, tra i pi\u00f9 noti e influenti nel panorama artistico internazionale ed attivi dalla fine degli anni Settanta in poi.<\/p>\n<p>\u201eCome spiegano i curatori della mostra Diego Sileo e Giacomo Zaza, \u00abOgni frammento segnala il cambiamento e il rinnovamento dei sistemi di realt\u00e0 nel tessuto cubano. Tutti i \u201cframmenti\u201d scelti per la mostra, tra analisi antropologica e sociale, tra azione critica e speculazione riflessiva, tra intervento pubblico e documento etnografico, metteranno a setaccio le verit\u00e0 e le illusioni del mondo cubano, la sua insularit\u00e0, facendo eco anche alle voci delle comunit\u00e0 cubane fuori dai confini.\u201c<\/p>\n<h3><strong>XLI Festival di Morgana<\/strong><\/h3>\n<p><strong>3 novembre\u00a0<\/strong><strong>&#8211;<\/strong><strong>\u00a026 novembre<\/strong><\/p>\n<p><em>Museo delle Marionette A Pasqualino,<br \/>\n<\/em><em>Piazzetta A Pasqualino<br \/>\nPalermo\u00a0<\/em><\/p>\n<figure id=\"attachment_1416\" aria-describedby=\"caption-attachment-1416\" style=\"width: 208px\" class=\"wp-caption alignright\"><a href=\"https:\/\/www.traghetti.com\/blog\/wp-content\/uploads\/2016\/11\/festival-morgana-fonte-Visitsicilt.info_.jpg\"><img loading=\"lazy\" decoding=\"async\" class=\"wp-image-1416 size-medium\" title=\"Festival Morgana - fonte Festival Morgana\" src=\"https:\/\/www.traghetti.com\/blog\/wp-content\/uploads\/2016\/11\/festival-morgana-fonte-Visitsicilt.info_-208x300.jpg\" alt=\"Festival Morgana - fonte Festival Morgana\" width=\"208\" height=\"300\" srcset=\"https:\/\/www.traghetti.com\/blog\/wp-content\/uploads\/2016\/11\/festival-morgana-fonte-Visitsicilt.info_-208x300.jpg 208w, https:\/\/www.traghetti.com\/blog\/wp-content\/uploads\/2016\/11\/festival-morgana-fonte-Visitsicilt.info_.jpg 595w\" sizes=\"auto, (max-width: 208px) 100vw, 208px\" \/><\/a><figcaption id=\"caption-attachment-1416\" class=\"wp-caption-text\">Festival Morgana &#8211; fonte Festival Morgana<\/figcaption><\/figure>\n<p>Il Festival di Morgana che dal 1975 coinvolge compagnie e artisti italiani e stranieri alla scoperta di pratiche teatrali consolidate da secoli di tradizione e delle pi\u00f9 contemporanee espressioni del teatro di figura in cui artisti di rilevanza internazionale hanno trovato una efficace e affascinate forma di espressione.<br \/>\nAnche nel 2016 l\u2019Associazione per la conservazione delle tradizioni popolari \u2013 Museo internazionale delle marionette Antonio Pasqualino propone un programma ricco e variegato in collaborazione con enti, associazioni e organizzazioni nazionali ed internazionali.<\/p>\n<p>Alcune delle in\u00a0<strong>rappresentazioni n programma<\/strong>.<\/p>\n<p>Luned\u00ec 7 ore 17.30 Marted\u00ec 8 ore\u00a017.30 \u2013 SPETTACOLO: <strong>Un souffle, une ombre, un rien.<\/strong> Experience pour marionnettes et spectateurs<\/p>\n<p>XLI FESTIVAL DI MORGANA Luned\u00ec 7 ore 17.30 Marted\u00ec 8 ore 17.30 Un souffle, une ombre, un rien. Experience pour marionnettes et spectateurs Compagnia StultiferaNavis (Francia) a seguire laboratorio di ombre per bambini dai 6 anni Museo internazionale delle marionette Antonio Pasqualino Marionette a presa diretta, burattini a guanto, figure smembrate, ombre, immagini proiettate: la marionetta, [&#8230;]<\/p>\n<p>Mercoled\u00ec 9 ore 21.15 \u2013 SPETTACOLO: <strong>Antologia<\/strong><\/p>\n<p>XLI FESTIVAL DI MORGANA Mercoled\u00ec 9 ore 21.15 Antologia Compagnia Jordi Bertran (Spagna) in collaborazione con l&#8217;Instituto Cervantes Museo internazionale delle marionette Antonio Pasqualino Dal\u00ec esordisce con un discorso surrealista; Louis Armstrong interpreta una delle canzoni pi\u00f9 famose del suo repertorio; Faquir Raixic fa una dimostrazione delle sue abilit\u00e0 di clown lasciando poi spazio al pagliaccio Toti [&#8230;]<\/p>\n<p>Gioved\u00ec 10 ore 21.15 Venerd\u00ec 11 ore 21.15 \u2013 SPETTACOLO: <strong>Paradise Mastaz<\/strong><\/p>\n<p>XLI FESTIVAL DI MORGANA Gioved\u00ec 10 ore 21.15 Venerd\u00ec 11 ore 21.15 Paradise Mastaz Hajusom (Germania) in collaborazione con il Goethe-Institut Palermo Museo internazionale delle marionette Antonio Pasqualino Mentre i turisti viaggiano sulle navi da crociera alla ricerca di paradisi perduti, i migranti, alla ricerca di una vita migliore, solcano i mari su minuscoli gusci di noci. Sulla scia [&#8230;]<\/p>\n<p>Sabato 12 ore 21.15 Domenica 13 ore 17.30 \u2013 SPETTACOLO: <strong>Genevi\u00e8ve de Brabant<\/strong><\/p>\n<p>XLI FESTIVAL DI MORGANA Sabato 12 ore 21.15 Domenica 13 ore 17.30 Genevi\u00e8ve de Brabant Opera d\u2019Erik Satie Th\u00e9\u00e2tre Toone (Belgio) in collaborazione con Wallonie-Bruxelles Museo internazionale delle marionette Antonio Pasqualino Numerose sono le opere letterarie e musicali che si sono ispirate alla leggenda medievale di Genevi\u00e8ve de Brabant. Sposa del conte palatino Sigfrido, la giovane sposa viene ingiustamente [&#8230;]<\/p>\n<p>Mercoled\u00ec 16\u00ad\u00ad\u00ad\u00ad ore 17.30 \u2013 PRESENTAZIONE VOLUME: <strong>The Chivalric Folk Tradition in Sicily<\/strong><\/p>\n<p>XLI FESTIVAL DI MORGANA Mercoled\u00ec 16\u00ad\u00ad\u00ad\u00ad ore 17.30 Presentazione del volume The Chivalric Folk Tradition in Sicily di Marcella Croce Museo internazionale delle marionette Antonio Pasqualino Tracciando lo sviluppo in Sicilia di una tradizione cavalleresca basata sulle storie medievali di Carlo Magno e i suoi Paladini, il volume \u00e8 un\u2019analisi delle tradizioni siciliane dei contastorie, dell\u2019opera dei [&#8230;]<\/p>\n<p>Gioved\u00ec 17 ore 17.30 \u2013 SPETTACOLO: <strong>Orlando Furioso dei piccoli<\/strong> \u2013 a seguire \u2013 SPETTACOLO: <strong>Piccolo Orlando Furioso<\/strong><\/p>\n<p>XLI FESTIVAL DI MORGANA Gioved\u00ec 17 ore 17.30 Orlando Furioso dei piccoli con Sara Marconi in collaborazione con la libreria Dudi a seguire Piccolo Orlando Furioso Compagnia dell\u2019opera dei pupi Brigliadoro Museo internazionale delle marionette Antonio Pasqualino Il Museo Antonio Pasqualino ospiter\u00e0 \u00a0l&#8217;autrice di libri per ragazzi Sara Marconi che proporr\u00e0 una lettura animata di\u00a0Angelica, principessa combina-guai,\u00a0presente [&#8230;]<\/p>\n<figure id=\"attachment_1420\" aria-describedby=\"caption-attachment-1420\" style=\"width: 300px\" class=\"wp-caption alignright\"><a href=\"https:\/\/www.traghetti.com\/blog\/wp-content\/uploads\/2016\/11\/festival-di-morgana.jpg\"><img loading=\"lazy\" decoding=\"async\" class=\"wp-image-1420 size-medium\" title=\"Festival Morgana - fonte Festival Morgana\" src=\"https:\/\/www.traghetti.com\/blog\/wp-content\/uploads\/2016\/11\/festival-di-morgana-300x178.jpg\" alt=\"Festival Morgana - fonte Festival Morgana\" width=\"300\" height=\"178\" srcset=\"https:\/\/www.traghetti.com\/blog\/wp-content\/uploads\/2016\/11\/festival-di-morgana-300x178.jpg 300w, https:\/\/www.traghetti.com\/blog\/wp-content\/uploads\/2016\/11\/festival-di-morgana.jpg 311w\" sizes=\"auto, (max-width: 300px) 100vw, 300px\" \/><\/a><figcaption id=\"caption-attachment-1420\" class=\"wp-caption-text\">Festival Morgana &#8211; fonte Festival Morgana<\/figcaption><\/figure>\n<p>Venerd\u00ec 18 ore 21.15 \u2013 SPETTACOLO: <strong>Orlando Furioso raccontato dal mago Atlante<\/strong><\/p>\n<p>XLI FESTIVAL DI MORGANA Venerd\u00ec 18 ore 21.15 Orlando Furioso raccontato dal mago Atlante Un attore per quattro personaggi Centro fiaba e narrazioni di e con Alberto Nicolino costumi Dora Argento Alcuni passi sono tratti da Hruodlandus di Enrico Messina e Alberto Nicolino Fotografie di Chiara Portinari \u00a0 \u00a0 \u00a0 \u00a0 \u00a0 \u00a0 \u00a0 \u00a0 [&#8230;]<\/p>\n<p>Sabato 19 ore 21.15 \u2013 SPETTACOLO: <strong>Vincenzo Pirrotta Incontra Il furioso Orlando<\/strong><\/p>\n<p>XLI FESTIVAL DI MORGANA Sabato 19 ore 21.15 Vincenzo Pirrotta Incontra Il furioso Orlando Museo internazionale [&#8230;]<\/p>\n<p>Domenica 20 \u00adore 17.30 \u2013 SPETTACOLO: <strong>Amore e follia di Orlando<\/strong><\/p>\n<p>XLI FESTIVAL DI MORGANA Domenica 20 \u00adore 17.30 Amore e follia di Orlando di Alessandro e Fiorenzo Napoli Compagnia Marionettistica Fratelli Napoli (Catania) con la partecipazione dell&#8217;attrice Tiziana Giletto Museo internazionale delle marionette Antonio Pasqualino Ben note sono le vicende di Orlando che diventa pazzo e furioso per amore di Angelica e del coraggiosissimo Astolfo [&#8230;]<\/p>\n<p>Mercoled\u00ec 23 ore 21.15 \u2013 SPETTACOLO: <strong>Agata e l\u2019ombra<\/strong><\/p>\n<p>XLI FESTIVAL DI MORGANA Mercoled\u00ec 23 ore 21.15 Agata e l\u2019ombra di e con Gigi Borruso Musiche originali di Giovanni D\u2019Aquila Giana Guaiana, cantante Ensemble degli allievi del Conservatorio di Palermo Scenografia, proiezioni, ombre e costumi a cura dell\u2019Accademia di Belle Arti di Palermo Museo internazionale delle marionette Antonio Pasqualino Lo spettacolo mette in scena una rielaborazione [&#8230;]<\/p>\n<p>Gioved\u00ec 24 ore 21.15 \u2013 SPETTACOLO: Il medico e le fiabe. Sulle orme di Giuseppe Pitr\u00e8<\/p>\n<p>XLI FESTIVAL DI MORGANA Gioved\u00ec 24 ore 21.15 Il medico e le fiabe Sulle orme di Giuseppe Pitr\u00e8 Centro fiaba e narrazioni di e con Alberto Nicolino e Matilde Politi Museo internazionale delle marionette Antonio Pasqualino C\u2019era una volta nel quartiere Borgo di Palermo il giovane medico Giuseppe Pitr\u00e8. Con un piccolo calesse correva di strada in [&#8230;]<\/p>\n<p>Venerd\u00ec 25 ore 21.15 \u2013 SPETTACOLO: <strong>L\u2019acqua e lu suli.<\/strong> Racconti, favole e canzoni di Giuseppe Pitr\u00e8<\/p>\n<p>XLI FESTIVAL DI MORGANA Venerd\u00ec 25 ore 21.15 L\u2019acqua e lu suli. Racconti, favole e canzoni di Giuseppe Pitr\u00e8 di e con Mario Incudine Museo internazionale delle marionette Antonio Pasqualino \u00a0Tutto il teatro dell\u2019oralit\u00e0 raccolto da Giuseppe Pitr\u00e8 rivive in questa messa in scena curata da Mario Incudine, musicista, attore e cuntista tra i pi\u00f9 rappresentativi e [&#8230;]<\/p>\n<p>Sabato 26 ore 21.15 \u2013 SPETTACOLO: <strong>Trinacria sulla Luna<\/strong>. Pitr\u00e8 senza gravit\u00e0<\/p>\n<p>XLI FESTIVAL DI MORGANA Sabato 26 ore 21.15 Trinacria sulla Luna. Pitr\u00e8 senza gravit\u00e0 di e con Gaspare Balsamo Musiche dal vivo di e con\u00a0Biagio Guerrera, Puccio Castrogiovanni, Giancarlo Parisi, Luca Recupero Museo internazionale delle marionette Antonio Pasqualino Lo spettacolo teatrale \u00e8 ispirato all&#8217;omonima opera e vita di Giuseppe Pitr\u00e8. Elementi biografici dello scrittore e frammenti sparsi [&#8230;]<\/p>\n<p>MOSTRA \u2013 <strong>Wielopole, Wielopole<\/strong> di Tadeusz Kantor<\/p>\n<p>XLI FESTIVAL DI MORGANA Mostra Wielopole, Wielopole \u00a0di Tadeusz Kantor Museo internazionale delle marionette Antonio Pasqualino La quarantunesima edizione del Festival di Morgana porta a Palermo un altro capolavoro di Tadeusz Kantor che prosegue l\u2019esplorazione della Trilogia del Teatro della Morte. La mostra espone una installazione di opere dello spettacolo Wielopole, Wielopole realizzato tra il [&#8230;]<\/p>\n<p>MOSTRA \u2013 <strong>Anima Vibrante<\/strong>. Scacciapensieri nel mondo<\/p>\n<p>XLI FESTIVAL DI MORGANA Mostra Anima Vibrante \u00a0 \u00a0 \u00a0 \u00a0 \u00a0 \u00a0 \u00a0 \u00a0 \u00a0 \u00a0 \u00a0 \u00a0 \u00a0 \u00a0 \u00a0 \u00a0 \u00a0 \u00a0 \u00a0 \u00a0 \u00a0 \u00a0 \u00a0 \u00a0 \u00a0 \u00a0 \u00a0 \u00a0 \u00a0 \u00a0 \u00a0 Scacciapensieri nel mondo di MoMu-Mondo di musica Museo internazionale delle marionette Antonio Pasqualino In occasione del Festival [&#8230;]<\/p>\n<p>MOSTRA \u2013 <strong>Una didattica per lo spettacolo<\/strong><\/p>\n<p>XLI FESTIVAL DI MORGANA \u00a0MOSTRA Una didattica per lo spettacolo in collaborazione con l\u2019Accademia di Belle Arti di Palermo In occasione della 41a edizione del Festival di Morgana, il Museo delle Marionette Pasqualino di Palermo, propone tre mostre in collaborazione con l\u2019Accademia di Belle Arti di Palermo, con i Corsi di Costume per lo Spettacolo [&#8230;]<\/p>\n<p>Ingresso gratuito con biglietti ritirabili due giorni prima della data di inizio dello spettacolo.<\/p>\n<h3><strong>Mirabilia Maris<\/strong><\/h3>\n<p><strong>6 novembre 2016\u00a0&#8211;\u00a06 marzo 2017<\/strong><\/p>\n<p><em>Palazzo Reale,<br \/>\n<\/em><em>Palermo\u00a0<\/em><\/p>\n<p>Da domenica (6 novembre 2016)\u00a0al 6 marzo 2017, le sale\u00a0Duca di Montalto, di Palazzo dei Normanni, ospiteranno la mostra\u00a0<strong>\u201cMirabilia Maris, tesori dai mari di Sicilia\u201d<\/strong>.<\/p>\n<figure id=\"attachment_1423\" aria-describedby=\"caption-attachment-1423\" style=\"width: 200px\" class=\"wp-caption alignright\"><a href=\"https:\/\/www.traghetti.com\/blog\/wp-content\/uploads\/2016\/11\/mirabila-maris.jpg\"><img loading=\"lazy\" decoding=\"async\" class=\"wp-image-1423 size-medium\" title=\"Mirabila Maris - fonte Mirabila Maris\" src=\"https:\/\/www.traghetti.com\/blog\/wp-content\/uploads\/2016\/11\/mirabila-maris-200x300.jpg\" alt=\"Mirabila Maris - fonte Mirabila Maris\" width=\"200\" height=\"300\" srcset=\"https:\/\/www.traghetti.com\/blog\/wp-content\/uploads\/2016\/11\/mirabila-maris-200x300.jpg 200w, https:\/\/www.traghetti.com\/blog\/wp-content\/uploads\/2016\/11\/mirabila-maris.jpg 640w\" sizes=\"auto, (max-width: 200px) 100vw, 200px\" \/><\/a><figcaption id=\"caption-attachment-1423\" class=\"wp-caption-text\">Mirabila Maris &#8211; fonte Mirabila Maris<\/figcaption><\/figure>\n<p><strong>L\u2019esposizione \u00e8 dedicata alle testimonianze storico-archeologiche subacquee<\/strong> provenienti dai fondali siciliani dalla preistoria fino alle epoche pi\u00f9 recenti con il proposito di promuovere e valorizzare il patrimonio storico archeologico subacqueo recuperato in Sicilia. Un enorme patrimonio, fino ad oggi, solo parzialmente fruibile nei diversi musei di pertinenza del territorio siciliano.<\/p>\n<p><strong>La mostra, gi\u00e0 ospitata ad Amsterdam e Oxford, ripercorrer\u00e0 2.500 anni<\/strong>\u00a0di storia della Sicilia fino al XVI secolo, sottolineando l\u2019intenso lavoro degli archeologi subacquei e i nuovi mezzi di indagine e di recupero in alto fondale grazie all&#8217;avvento delle nuove tecnologie.<\/p>\n<p>Per raggiungere le Sicilia in traghetto, \u00e8 possibile prenotare sul sito <a href=\"https:\/\/www.traghetti.com\" target=\"_blank\" rel=\"noopener\">traghetti.com<\/a><\/p>\n<p>&nbsp;<\/p>\n","protected":false},"excerpt":{"rendered":"<p>5 motivi per visitare la Sicilia a novembre e dicembre Vi presentiamo 5 eventi culturali che si svolgeranno in Sicilia nei mesi di novembre e dicembre. Alcuni eventi si estenderanno fino a Marzo 2017 e vi aiuteranno a scoprire anche i segreti dell&#8217;arte moderna che la Sicilia ospita in questo&#8230;<\/p>\n<a class=\"read-more\" href=\"https:\/\/www.traghetti.com\/blog\/5-motivi-per-visitare-la-sicilia\/\">Read More  &raquo;<\/a>","protected":false},"author":1,"featured_media":1418,"comment_status":"open","ping_status":"open","sticky":false,"template":"","format":"standard","meta":{"footnotes":""},"categories":[9],"tags":[51,170],"class_list":["post-1421","post","type-post","status-publish","format-standard","has-post-thumbnail","hentry","category-itinerari","tag-traghetti-sicilia","tag-vacanze-in-sicilia"],"_links":{"self":[{"href":"https:\/\/www.traghetti.com\/blog\/wp-json\/wp\/v2\/posts\/1421","targetHints":{"allow":["GET"]}}],"collection":[{"href":"https:\/\/www.traghetti.com\/blog\/wp-json\/wp\/v2\/posts"}],"about":[{"href":"https:\/\/www.traghetti.com\/blog\/wp-json\/wp\/v2\/types\/post"}],"author":[{"embeddable":true,"href":"https:\/\/www.traghetti.com\/blog\/wp-json\/wp\/v2\/users\/1"}],"replies":[{"embeddable":true,"href":"https:\/\/www.traghetti.com\/blog\/wp-json\/wp\/v2\/comments?post=1421"}],"version-history":[{"count":10,"href":"https:\/\/www.traghetti.com\/blog\/wp-json\/wp\/v2\/posts\/1421\/revisions"}],"predecessor-version":[{"id":3575,"href":"https:\/\/www.traghetti.com\/blog\/wp-json\/wp\/v2\/posts\/1421\/revisions\/3575"}],"wp:featuredmedia":[{"embeddable":true,"href":"https:\/\/www.traghetti.com\/blog\/wp-json\/wp\/v2\/media\/1418"}],"wp:attachment":[{"href":"https:\/\/www.traghetti.com\/blog\/wp-json\/wp\/v2\/media?parent=1421"}],"wp:term":[{"taxonomy":"category","embeddable":true,"href":"https:\/\/www.traghetti.com\/blog\/wp-json\/wp\/v2\/categories?post=1421"},{"taxonomy":"post_tag","embeddable":true,"href":"https:\/\/www.traghetti.com\/blog\/wp-json\/wp\/v2\/tags?post=1421"}],"curies":[{"name":"wp","href":"https:\/\/api.w.org\/{rel}","templated":true}]}}