{"id":1581,"date":"2016-12-19T07:38:15","date_gmt":"2016-12-19T06:38:15","guid":{"rendered":"http:\/\/www.traghetti.com\/blog\/?p=1581"},"modified":"2025-04-07T17:21:45","modified_gmt":"2025-04-07T15:21:45","slug":"grimaldi-lines-nave-europalink-2","status":"publish","type":"post","link":"https:\/\/www.traghetti.com\/blog\/grimaldi-lines-nave-europalink-2\/","title":{"rendered":"Grimaldi Lines &#8211; Nave Europalink"},"content":{"rendered":"<h2>Grimaldi Lines nave Europalink &#8211; Guida alla scoperta della nave<\/h2>\n<p>Prosegue una nuova uscita relativa alla guida per farvi scoprire le navi delle compagnie da noi rappresentate. La Nave Europalink \u00e8 una nave che la compagnia impiega sulla gettonatissima tratta Livorno-Palermo. Siamo saliti a bordo alla nave per recensire la prima nave Ro-ro per il trasporto di passeggeri e merci per la quale molti nostri clienti ci hanno chiesto di capirne la qualit\u00e0. E&#8217; una nave\u00a0dalla stiva capiente o come i bambini\u00a0 la definiscono dalla &#8220;grande pancia&#8221;, in grado di poter imbarcare centinaia di mezzi nei 3 ponti disponibili.<\/p>\n<p><strong><a style=\"display: inline-block; padding: 10px 20px; background-color: #4caf50; color: white; text-decoration: none; border-radius: 5px; font-size: 16px;\" href=\"https:\/\/www.traghetti.com\/grimaldi\">OFFERTE GRIMALDI LINES<\/a><\/strong><\/p>\n<p>&nbsp;<\/p>\n<p>Abbiamo puntato molto sulle immagini della nave perch\u00e9 una nave merci non \u00e8 sinonimo di bassa qualit\u00e0 o come qualcuno le chiama le navi dei &#8220;camionisti&#8221;. Partiamo dal concetto che i camionisti viaggiano spesso su queste navi per cui\u00a0 il mangiare \u00e8 sempre di buon livello. Il catering \u00e8 affidato all&#8217;equipaggio di cucina che \u00e8 greco, ma sotto la supervisione di un cuoco italiano. Le specialit\u00e0 sono tutte italiane. Ampi gli spazi comuni, anche se non vi sono 2\/3 ristoranti come sulle navi pi\u00f9 capienti.<\/p>\n<p>La \u00a0nave misura 218.8 m, ed \u00e8 larga 38.84 metri, pu\u00f2 viaggiare ad una velocit\u00e0 di 25 nodi\u00a0e dispone di 201 cabine di cui 2 cabine \u00a0disabili, 60 poltrone con una capienza massima tra cabine e posti ponte di\u00a0930 passeggeri e 4.200 m di garage.<\/p>\n<p>A bordo della nave le soluzioni per poter dormire sono:<\/p>\n<ul>\n<li>poltrona;<\/li>\n<li>cabina a 2, 3 o 4 posti letti interne ed esterne;<\/li>\n<li>Suite 3 letti;<\/li>\n<li>cabina disabili 3 letti esterna;<\/li>\n<li>posto letto.<\/li>\n<\/ul>\n<p>&nbsp;<\/p>\n<p><strong>Le cabine<br \/>\n<\/strong>Tutte le cabine della nave sono con servizi privati con doccia, asciuga capelli, stira pantaloni, TV e sono divise tra cabine interne ed esterne. In tutte le tipologie di cabine nei bagni \u00e8 presente\u00a0la biancheria da bagno (asciugamani e teli doccia) ed il kit doccia.<\/p>\n<p><strong>Le cabine disabili<br \/>\n<\/strong><\/p>\n<figure id=\"attachment_1587\" aria-describedby=\"caption-attachment-1587\" style=\"width: 300px\" class=\"wp-caption alignright\"><a href=\"https:\/\/www.traghetti.com\/blog\/wp-content\/uploads\/2016\/12\/20161205_112241.jpg\"><img loading=\"lazy\" decoding=\"async\" class=\"size-medium wp-image-1587\" src=\"https:\/\/www.traghetti.com\/blog\/wp-content\/uploads\/2016\/12\/20161205_112241-300x225.jpg\" alt=\"cabina disabili \" width=\"300\" height=\"225\" srcset=\"https:\/\/www.traghetti.com\/blog\/wp-content\/uploads\/2016\/12\/20161205_112241-300x225.jpg 300w, https:\/\/www.traghetti.com\/blog\/wp-content\/uploads\/2016\/12\/20161205_112241-1024x768.jpg 1024w\" sizes=\"auto, (max-width: 300px) 100vw, 300px\" \/><\/a><figcaption id=\"caption-attachment-1587\" class=\"wp-caption-text\">cabina disabili<\/figcaption><\/figure>\n<p>Purtroppo le cabine disabili sono solamente 4 e tutte della tipologia tripla esterna con ampia porta d&#8217;ingresso e del bagno. Lo spazio della cabina \u00e8 ottimo mentre il bagno \u00e8 dotato di tutti gli ausili necessari per chi non deambula (incluso sedile per la doccia). Come<\/p>\n<figure id=\"attachment_1588\" aria-describedby=\"caption-attachment-1588\" style=\"width: 300px\" class=\"wp-caption alignright\"><a href=\"https:\/\/www.traghetti.com\/blog\/wp-content\/uploads\/2016\/12\/20161205_112025.jpg\"><img loading=\"lazy\" decoding=\"async\" class=\"size-medium wp-image-1588\" src=\"https:\/\/www.traghetti.com\/blog\/wp-content\/uploads\/2016\/12\/20161205_112025-300x225.jpg\" alt=\"bagno disabili\" width=\"300\" height=\"225\" srcset=\"https:\/\/www.traghetti.com\/blog\/wp-content\/uploads\/2016\/12\/20161205_112025-300x225.jpg 300w, https:\/\/www.traghetti.com\/blog\/wp-content\/uploads\/2016\/12\/20161205_112025-1024x768.jpg 1024w\" sizes=\"auto, (max-width: 300px) 100vw, 300px\" \/><\/a><figcaption id=\"caption-attachment-1588\" class=\"wp-caption-text\">bagno disabili<\/figcaption><\/figure>\n<p>per le cabine tradizionali, sono presenti gli stessi servizi di TV, asciugacapelli, servizi privati e stira pantaloni. Le cabine sono tutte esterne per cui con obl\u00f2.<\/p>\n<p><strong>Cabina con accesso animali<br \/>\n<\/strong>Come tutte le navi della compagnia, non sono presenti cabine con accesso animali. La compagnia ha la sua filosofia sull&#8217;accesso alle cabine degli animali che in particolare durante la notte e con il mare mosso non assicurano la tranquillit\u00e0 ai passeggeri presenti nelle cabine pi\u00f9 vicine. Tutti gli animali dovranno essere sistemati nel canile di bordo in quanto non hanno accesso neanche ai luoghi comuni tipo bar e ristorante. Per la parte del canile ne parliamo in modo ampio nella parte riservata a questo argomento.<\/p>\n<p><strong>Le suite<br \/>\n<\/strong>Sono 4 in tutta la nave\u00a0 e sono sul ponte 9. Tutte le Suite sono di ampia metratura\u00a0 e con servizi privati in cabina.<\/p>\n<figure id=\"attachment_1567\" aria-describedby=\"caption-attachment-1567\" style=\"width: 300px\" class=\"wp-caption alignright\"><a href=\"https:\/\/www.traghetti.com\/blog\/wp-content\/uploads\/2016\/12\/20161205_111217.jpg\"><img loading=\"lazy\" decoding=\"async\" class=\"size-medium wp-image-1567\" src=\"https:\/\/www.traghetti.com\/blog\/wp-content\/uploads\/2016\/12\/20161205_111217-300x225.jpg\" alt=\"suite il salottino\" width=\"300\" height=\"225\" srcset=\"https:\/\/www.traghetti.com\/blog\/wp-content\/uploads\/2016\/12\/20161205_111217-300x225.jpg 300w, https:\/\/www.traghetti.com\/blog\/wp-content\/uploads\/2016\/12\/20161205_111217-1024x768.jpg 1024w\" sizes=\"auto, (max-width: 300px) 100vw, 300px\" \/><\/a><figcaption id=\"caption-attachment-1567\" class=\"wp-caption-text\">suite il salottino<\/figcaption><\/figure>\n<p>Internamente la cabina ha la parte giorno dove \u00e8 situato un comodo divano che all&#8217;occorrenza pu\u00f2 essere anche letto, con un&#8217;isola per la TV che pu\u00f2 essere ruotata anche verso il letto matrimoniale, posto nella zona notte. Le suite sono le uniche cabine che dispongono del letto matrimoniale. Aria condizionata. Lo standard della cabina \u00e8 di qualit\u00e0 alberghiera a 4 stelle non avendo niente da recriminare alle camere dei tradizionali hotels. Numerose e ampie le vetrate della suite, mentre il bagno \u00e8 molto spazioso e con una doccia dalla buona vivibilit\u00e0.\u00a0 Nei bagni delle suite sono disponibili anche i kit doccia.<\/p>\n<p><strong>Cabine \u00a0quadruple esterne<br \/>\n<\/strong>Tutte le cabine esterne sono dotate di ampio obl\u00f2 e di bagno con<\/p>\n<figure id=\"attachment_1562\" aria-describedby=\"caption-attachment-1562\" style=\"width: 300px\" class=\"wp-caption alignright\"><a href=\"https:\/\/www.traghetti.com\/blog\/wp-content\/uploads\/2016\/12\/20161205_110127.jpg\"><img loading=\"lazy\" decoding=\"async\" class=\"size-medium wp-image-1562\" src=\"https:\/\/www.traghetti.com\/blog\/wp-content\/uploads\/2016\/12\/20161205_110127-300x225.jpg\" alt=\"cabina esterna\" width=\"300\" height=\"225\" srcset=\"https:\/\/www.traghetti.com\/blog\/wp-content\/uploads\/2016\/12\/20161205_110127-300x225.jpg 300w, https:\/\/www.traghetti.com\/blog\/wp-content\/uploads\/2016\/12\/20161205_110127-1024x768.jpg 1024w\" sizes=\"auto, (max-width: 300px) 100vw, 300px\" \/><\/a><figcaption id=\"caption-attachment-1562\" class=\"wp-caption-text\">cabina esterna<\/figcaption><\/figure>\n<p>doccia, tre letti bassi e un letto alto nella configurazione a 4 letti e 3 letti bassi e 1 alto nella configurazione a 3 letti. Le cabine dispongono di TV, aria condizionata, stira pantaloni e bagno privato con doccia. Anche questa tipologia di cabine \u00e8 molto comoda e ampia. Le cabine possono essere occupate anche solo da 1 o da 2 persone in quanto si paga l\u2019intera cabina. L\u2019uso con un numero di persone inferiore ai posti letto viene definito uso esclusivo della cabina, che non consente l\u2019accesso da parte di altre persone.<\/p>\n<p><strong>Cabina interna a 4 letti<br \/>\n<\/strong>Tutte le cabine interne a 2 o 4 letti\u00a0 sono spaziose e sono sempre dotate di 2 letti bassi, bagno con doccia, TV, stira pantaloni.<\/p>\n<figure id=\"attachment_1578\" aria-describedby=\"caption-attachment-1578\" style=\"width: 300px\" class=\"wp-caption alignright\"><a href=\"https:\/\/www.traghetti.com\/blog\/wp-content\/uploads\/2016\/12\/20161205_115649.jpg\"><img loading=\"lazy\" decoding=\"async\" class=\"size-medium wp-image-1578\" src=\"https:\/\/www.traghetti.com\/blog\/wp-content\/uploads\/2016\/12\/20161205_115649-300x225.jpg\" alt=\"cabina interna \" width=\"300\" height=\"225\" srcset=\"https:\/\/www.traghetti.com\/blog\/wp-content\/uploads\/2016\/12\/20161205_115649-300x225.jpg 300w, https:\/\/www.traghetti.com\/blog\/wp-content\/uploads\/2016\/12\/20161205_115649-1024x768.jpg 1024w\" sizes=\"auto, (max-width: 300px) 100vw, 300px\" \/><\/a><figcaption id=\"caption-attachment-1578\" class=\"wp-caption-text\">cabina interna<\/figcaption><\/figure>\n<p>Tutte le cabine sono dotate di aria condizionata. Tutte le cabine, possono essere occupate anche solo da 1 persona, da 2 o 3 persone sempre in uso esclusivo.<\/p>\n<p><strong>Posto letto<br \/>\n<\/strong>Il posto letto pu\u00f2 essere prenotato in una cabina a 4 letti dove le persone vengono divise per sesso. Non \u00e8 possibile scegliere tra letto basso o alto. Le cabine sono interne .<\/p>\n<p><strong>Poltrone<br \/>\n<\/strong><\/p>\n<figure id=\"attachment_1573\" aria-describedby=\"caption-attachment-1573\" style=\"width: 300px\" class=\"wp-caption alignright\"><a href=\"https:\/\/www.traghetti.com\/blog\/wp-content\/uploads\/2016\/12\/20161205_113931.jpg\"><img loading=\"lazy\" decoding=\"async\" class=\"size-medium wp-image-1573\" src=\"https:\/\/www.traghetti.com\/blog\/wp-content\/uploads\/2016\/12\/20161205_113931-300x225.jpg\" alt=\"sala poltrone\" width=\"300\" height=\"225\" srcset=\"https:\/\/www.traghetti.com\/blog\/wp-content\/uploads\/2016\/12\/20161205_113931-300x225.jpg 300w, https:\/\/www.traghetti.com\/blog\/wp-content\/uploads\/2016\/12\/20161205_113931-1024x768.jpg 1024w\" sizes=\"auto, (max-width: 300px) 100vw, 300px\" \/><\/a><figcaption id=\"caption-attachment-1573\" class=\"wp-caption-text\">sala poltrone<\/figcaption><\/figure>\n<p>La sala poltrone \u00e8 molto bella ma dalla capacit\u00e0 ridotta. Le poltrone sono reclinabili e vi \u00e8 spazio per le gambe. Tutte le poltrone sono in pelle. Al momento non \u00e8 prevista una forma di locker dove poter lasciare le valigie chiuse in uno scomparto, per cui non potranno essere lasciate abbandonate nella sala poltrone.<\/p>\n<p><strong>Posto ponte<br \/>\n<\/strong>Il posto ponte \u00e8 il semplice accesso alla nave, senza alcuna sistemazione. Ci\u00f2 non vuol dire che sia un posto all&#8217;aperto come molti immaginano, ma la possibilit\u00e0 di salire a bordo e di sistemarsi nei luoghi comuni.<\/p>\n<p><strong>Area giochi per bambini<br \/>\n<\/strong><\/p>\n<figure id=\"attachment_1570\" aria-describedby=\"caption-attachment-1570\" style=\"width: 300px\" class=\"wp-caption alignright\"><a href=\"https:\/\/www.traghetti.com\/blog\/wp-content\/uploads\/2016\/12\/20161205_112706.jpg\"><img loading=\"lazy\" decoding=\"async\" class=\"size-medium wp-image-1570\" src=\"https:\/\/www.traghetti.com\/blog\/wp-content\/uploads\/2016\/12\/20161205_112706-300x225.jpg\" alt=\"self-service\" width=\"300\" height=\"225\" srcset=\"https:\/\/www.traghetti.com\/blog\/wp-content\/uploads\/2016\/12\/20161205_112706-300x225.jpg 300w, https:\/\/www.traghetti.com\/blog\/wp-content\/uploads\/2016\/12\/20161205_112706-1024x768.jpg 1024w\" sizes=\"auto, (max-width: 300px) 100vw, 300px\" \/><\/a><figcaption id=\"caption-attachment-1570\" class=\"wp-caption-text\">self-service<\/figcaption><\/figure>\n<p>A bordo della nave Europalink vi \u00e8 anche una piccola area per<\/p>\n<figure id=\"attachment_1576\" aria-describedby=\"caption-attachment-1576\" style=\"width: 300px\" class=\"wp-caption alignright\"><a href=\"https:\/\/www.traghetti.com\/blog\/wp-content\/uploads\/2016\/12\/20161205_114408.jpg\"><img loading=\"lazy\" decoding=\"async\" class=\"size-medium wp-image-1576\" src=\"https:\/\/www.traghetti.com\/blog\/wp-content\/uploads\/2016\/12\/20161205_114408-300x225.jpg\" alt=\"area giochi\" width=\"300\" height=\"225\" srcset=\"https:\/\/www.traghetti.com\/blog\/wp-content\/uploads\/2016\/12\/20161205_114408-300x225.jpg 300w, https:\/\/www.traghetti.com\/blog\/wp-content\/uploads\/2016\/12\/20161205_114408-1024x768.jpg 1024w\" sizes=\"auto, (max-width: 300px) 100vw, 300px\" \/><\/a><figcaption id=\"caption-attachment-1576\" class=\"wp-caption-text\">area giochi<\/figcaption><\/figure>\n<p>bambini dove poter lasciare i bambini pi\u00f9 piccoli in tutta tranquillit\u00e0, mentre siete seduti al bar durante la navigazione.<\/p>\n<p><strong>Ristorante self service<br \/>\n<\/strong>Il ristorante self service \u00e8 situato nella parte di prua della nave, come le cabine e tutti i servizi. Questo facilit\u00e0 l&#8217;accesso sia ai servizi comuni sia alle cabine. Presso il ristorante self-service sono disponibili anche i seggiolini per bambini per accogliere nelle migliori condizioni anche le famiglie che viaggiano con bambini piccoli. Il ristorante \u00e8 pratico e luminoso. Comodo il banco self service come disposizione per poter scegliere in tranquillit\u00e0 tra le varie specialit\u00e0 proposte dalla cucina di bordo.<\/p>\n<p><strong>Bars<br \/>\n<\/strong><\/p>\n<figure id=\"attachment_1575\" aria-describedby=\"caption-attachment-1575\" style=\"width: 300px\" class=\"wp-caption alignright\"><a href=\"https:\/\/www.traghetti.com\/blog\/wp-content\/uploads\/2016\/12\/20161205_114334.jpg\"><img loading=\"lazy\" decoding=\"async\" class=\"size-medium wp-image-1575\" src=\"https:\/\/www.traghetti.com\/blog\/wp-content\/uploads\/2016\/12\/20161205_114334-300x225.jpg\" alt=\"bar\" width=\"300\" height=\"225\" srcset=\"https:\/\/www.traghetti.com\/blog\/wp-content\/uploads\/2016\/12\/20161205_114334-300x225.jpg 300w, https:\/\/www.traghetti.com\/blog\/wp-content\/uploads\/2016\/12\/20161205_114334-1024x768.jpg 1024w\" sizes=\"auto, (max-width: 300px) 100vw, 300px\" \/><\/a><figcaption id=\"caption-attachment-1575\" class=\"wp-caption-text\">bar<\/figcaption><\/figure>\n<p>2 sono i bars presenti sulla nave Europalink dove poter trascorrere del tempo durante la navigazione, ma anche dove fare colazione o acquistare piccoli spuntini quali panini e sandwich.<\/p>\n<p><strong>Shopping a bordo<br \/>\n<\/strong><\/p>\n<figure id=\"attachment_1572\" aria-describedby=\"caption-attachment-1572\" style=\"width: 300px\" class=\"wp-caption alignright\"><a href=\"https:\/\/www.traghetti.com\/blog\/wp-content\/uploads\/2016\/12\/20161205_113814.jpg\"><img loading=\"lazy\" decoding=\"async\" class=\"size-medium wp-image-1572\" src=\"https:\/\/www.traghetti.com\/blog\/wp-content\/uploads\/2016\/12\/20161205_113814-300x225.jpg\" alt=\"shopping\" width=\"300\" height=\"225\" srcset=\"https:\/\/www.traghetti.com\/blog\/wp-content\/uploads\/2016\/12\/20161205_113814-300x225.jpg 300w, https:\/\/www.traghetti.com\/blog\/wp-content\/uploads\/2016\/12\/20161205_113814-1024x768.jpg 1024w\" sizes=\"auto, (max-width: 300px) 100vw, 300px\" \/><\/a><figcaption id=\"caption-attachment-1572\" class=\"wp-caption-text\">shopping<\/figcaption><\/figure>\n<p>Nel negozio di bordo \u00e8 possibile acquistare souvenir, profumeria, articoli per l\u2019igiene personale e oggettistica.<\/p>\n<p><strong>Il canile di bordo<br \/>\n<\/strong>Il canile di bordo \u00e8 posto sul ponte pi\u00f9 alto della nave, \u00e8 un luogo piccolo<\/p>\n<figure id=\"attachment_1577\" aria-describedby=\"caption-attachment-1577\" style=\"width: 300px\" class=\"wp-caption alignright\"><a href=\"https:\/\/www.traghetti.com\/blog\/wp-content\/uploads\/2016\/12\/20161205_115354.jpg\"><img loading=\"lazy\" decoding=\"async\" class=\"size-medium wp-image-1577\" src=\"https:\/\/www.traghetti.com\/blog\/wp-content\/uploads\/2016\/12\/20161205_115354-300x225.jpg\" alt=\"Il canile\" width=\"300\" height=\"225\" srcset=\"https:\/\/www.traghetti.com\/blog\/wp-content\/uploads\/2016\/12\/20161205_115354-300x225.jpg 300w, https:\/\/www.traghetti.com\/blog\/wp-content\/uploads\/2016\/12\/20161205_115354-1024x768.jpg 1024w\" sizes=\"auto, (max-width: 300px) 100vw, 300px\" \/><\/a><figcaption id=\"caption-attachment-1577\" class=\"wp-caption-text\">Il canile<\/figcaption><\/figure>\n<p>con solo 6 gabbie dove potrete lasciare i vostri amici a 4 zampe durante la navigazione. Gli ambienti sono riscaldati d&#8217;inverno e climatizzati in estate come se fosse una cabina della nave.<\/p>\n<p><strong>Il Garage<br \/>\n<\/strong>Una nota particolare \u00e8 stata dedicata al garage che permette di arrivare con l&#8217;auto al ponte superiore dove \u00e8 posta la reception e dispone di spazi appositi per i disabili. Le auto cos\u00ec come i camper<\/p>\n<figure id=\"attachment_1559\" aria-describedby=\"caption-attachment-1559\" style=\"width: 300px\" class=\"wp-caption alignright\"><a href=\"https:\/\/www.traghetti.com\/blog\/wp-content\/uploads\/2016\/12\/20161205_105433.jpg\"><img loading=\"lazy\" decoding=\"async\" class=\"size-medium wp-image-1559\" src=\"https:\/\/www.traghetti.com\/blog\/wp-content\/uploads\/2016\/12\/20161205_105433-300x225.jpg\" alt=\"il garage\" width=\"300\" height=\"225\" srcset=\"https:\/\/www.traghetti.com\/blog\/wp-content\/uploads\/2016\/12\/20161205_105433-300x225.jpg 300w, https:\/\/www.traghetti.com\/blog\/wp-content\/uploads\/2016\/12\/20161205_105433-1024x768.jpg 1024w\" sizes=\"auto, (max-width: 300px) 100vw, 300px\" \/><\/a><figcaption id=\"caption-attachment-1559\" class=\"wp-caption-text\">il garage<\/figcaption><\/figure>\n<p>non vengono imbarcati nello stesso garage dove vengono imbarcarti i camion. Dalle foto potrete rendervi conto di quanto sia grande un garage di oltre 200 m di lunghezza e con un portellone di carico\/scarico che occupa tutta la poppa della nave.<\/p>\n<p><strong>Parti comuni<br \/>\n<\/strong>Nelle parti comuni \u00e8 anche disponibile il servizio wi-fi. In estate si potr\u00e0 godere durante la navigazione anche dello<\/p>\n<figure id=\"attachment_1571\" aria-describedby=\"caption-attachment-1571\" style=\"width: 300px\" class=\"wp-caption alignright\"><a href=\"https:\/\/www.traghetti.com\/blog\/wp-content\/uploads\/2016\/12\/20161205_113554.jpg\"><img loading=\"lazy\" decoding=\"async\" class=\"size-medium wp-image-1571\" src=\"https:\/\/www.traghetti.com\/blog\/wp-content\/uploads\/2016\/12\/20161205_113554-300x225.jpg\" alt=\"bar\" width=\"300\" height=\"225\" srcset=\"https:\/\/www.traghetti.com\/blog\/wp-content\/uploads\/2016\/12\/20161205_113554-300x225.jpg 300w, https:\/\/www.traghetti.com\/blog\/wp-content\/uploads\/2016\/12\/20161205_113554-1024x768.jpg 1024w\" sizes=\"auto, (max-width: 300px) 100vw, 300px\" \/><\/a><figcaption id=\"caption-attachment-1571\" class=\"wp-caption-text\">bar<\/figcaption><\/figure>\n<p>spazio esterno dotato di tavoli e panchine.<\/p>\n<p>Possiamo anche dire che grazie alla particolare costruzione della nave, dove tutte le cabine e i servizi sono posti a prua, la nave \u00e8 particolarmente silenziosa in quanto i motori sono posti a poppa, offrendo anche meno vibrazioni durate la navigazione in notturna proprio per la distanza dal comparto motori.<\/p>\n<p>Abbiamo realizzato anche un video per farvi vedere tutte le parti della nave e farvi apprezzare la qualit\u00e0 della Europalink di Grimaldi Lines prima ancora di salire a bordo.<\/p>\n<p>Non dimenticate che potrete prenotare sul nostro sito\u00a0<a href=\"https:\/\/www.traghetti.com\/\"><strong>www.traghetti.com<\/strong><\/a>\u00a0usufruendo di tutte le offerte di Grimaldi Lines per la <a href=\"\/traghetti-sicilia\" target=\"_blank\" rel=\"noopener\">Sicilia<\/a>, <a href=\"\/traghetti-sardegna\" target=\"_blank\" rel=\"noopener\">Sardega<\/a> <a href=\"\/traghetti-sicilia\">traghetti-sicilia<\/a>, <a href=\"\/traghetti-spagna\" target=\"_blank\" rel=\"noopener\">Spagna<\/a>, <a href=\"\/traghetti-tunisia\" target=\"_blank\" rel=\"noopener\">Tunisia<\/a>, <a href=\"\/traghetti-marocco\" target=\"_blank\" rel=\"noopener\">Marocco <\/a>e <a href=\"\/traghetti-grecia\" target=\"_blank\" rel=\"noopener\">Grecia<\/a>!!<\/p>\n<p><iframe loading=\"lazy\" width=\"790\" height=\"444\" src=\"https:\/\/www.youtube.com\/embed\/H7xGrfJOexU?feature=oembed\" frameborder=\"0\" allow=\"accelerometer; autoplay; clipboard-write; encrypted-media; gyroscope; picture-in-picture; web-share\" allowfullscreen title=\"Grimaldi Lines Europalink\"><\/iframe><\/p>\n<p>Potrebbero interesarti anche i seguenti articoli:<\/p>\n<ul>\n<li>\n<p class=\"post-title\"><a title=\"Vacanze in Sicilia in traghetto\" href=\"\/blog\/vacanze-in-sicilia-in-traghetto-2016\/\" rel=\"bookmark\">Vacanze in Sicilia in traghetto<\/a><\/p>\n<\/li>\n<li>\n<p class=\"post-title\"><a title=\"5 motivi per visitare la Sicilia\" href=\"\/blog\/5-motivi-per-visitare-la-sicilia\/\" rel=\"bookmark\">5 motivi per visitare la Sicilia<\/a><\/p>\n<\/li>\n<li>\n<p class=\"post-title\">Un viaggio in Sicilia Choco-Modica 2016<\/p>\n<\/li>\n<li>\n<p class=\"post-title\"><a title=\"Livorno 10 cose da vedere aspettando il traghetto\" href=\"\/blog\/livorno-10-cose-da-vedere-aspettando-il-traghetto\/\" target=\"_blank\" rel=\"bookmark noopener\">Livorno 10 cose da vedere aspettando il traghetto<\/a><\/p>\n<p class=\"post-title\"><a title=\"Un viaggio in Sicilia Choco-Modica 2016\" href=\"https:\/\/www.traghetti.com\/blog\/un-viaggio-in-sicilia\/\" rel=\"bookmark\">\u00a0<\/a><\/p>\n<\/li>\n<\/ul>\n","protected":false},"excerpt":{"rendered":"<p>Grimaldi Lines nave Europalink &#8211; Guida alla scoperta della nave Prosegue una nuova uscita relativa alla guida per farvi scoprire le navi delle compagnie da noi rappresentate. La Nave Europalink \u00e8 una nave che la compagnia impiega sulla gettonatissima tratta Livorno-Palermo. Siamo saliti a bordo alla nave per recensire la&#8230;<\/p>\n<a class=\"read-more\" href=\"https:\/\/www.traghetti.com\/blog\/grimaldi-lines-nave-europalink-2\/\">Read More  &raquo;<\/a>","protected":false},"author":1,"featured_media":1583,"comment_status":"open","ping_status":"open","sticky":false,"template":"","format":"standard","meta":{"footnotes":""},"categories":[2],"tags":[150,49,22,51],"class_list":["post-1581","post","type-post","status-publish","format-standard","has-post-thumbnail","hentry","category-navi","tag-grimaldi-lines","tag-traghetti-corsica","tag-traghetti-sardegna","tag-traghetti-sicilia"],"_links":{"self":[{"href":"https:\/\/www.traghetti.com\/blog\/wp-json\/wp\/v2\/posts\/1581","targetHints":{"allow":["GET"]}}],"collection":[{"href":"https:\/\/www.traghetti.com\/blog\/wp-json\/wp\/v2\/posts"}],"about":[{"href":"https:\/\/www.traghetti.com\/blog\/wp-json\/wp\/v2\/types\/post"}],"author":[{"embeddable":true,"href":"https:\/\/www.traghetti.com\/blog\/wp-json\/wp\/v2\/users\/1"}],"replies":[{"embeddable":true,"href":"https:\/\/www.traghetti.com\/blog\/wp-json\/wp\/v2\/comments?post=1581"}],"version-history":[{"count":18,"href":"https:\/\/www.traghetti.com\/blog\/wp-json\/wp\/v2\/posts\/1581\/revisions"}],"predecessor-version":[{"id":3554,"href":"https:\/\/www.traghetti.com\/blog\/wp-json\/wp\/v2\/posts\/1581\/revisions\/3554"}],"wp:featuredmedia":[{"embeddable":true,"href":"https:\/\/www.traghetti.com\/blog\/wp-json\/wp\/v2\/media\/1583"}],"wp:attachment":[{"href":"https:\/\/www.traghetti.com\/blog\/wp-json\/wp\/v2\/media?parent=1581"}],"wp:term":[{"taxonomy":"category","embeddable":true,"href":"https:\/\/www.traghetti.com\/blog\/wp-json\/wp\/v2\/categories?post=1581"},{"taxonomy":"post_tag","embeddable":true,"href":"https:\/\/www.traghetti.com\/blog\/wp-json\/wp\/v2\/tags?post=1581"}],"curies":[{"name":"wp","href":"https:\/\/api.w.org\/{rel}","templated":true}]}}